{"id":7405,"date":"2021-11-17T18:31:37","date_gmt":"2021-11-17T18:31:37","guid":{"rendered":"http:\/\/www.literaturadefronteras.cl\/?p=7405"},"modified":"2022-11-12T13:25:01","modified_gmt":"2022-11-12T13:25:01","slug":"andrea-jeftanovic-la-escritura-de-por-si-es-cruzar-fronteras","status":"publish","type":"post","link":"https:\/\/www.literaturadefronteras.cl\/ldf\/andrea-jeftanovic-la-escritura-de-por-si-es-cruzar-fronteras\/","title":{"rendered":"Andrea Jeftanovic: \u201cla escritura de por s\u00ed es cruzar fronteras\u201d"},"content":{"rendered":"<p><span style=\"font-weight: 400;\">Con su caracter\u00edstica cabellera rubia ondulada y a trav\u00e9s de Zoom, me re\u00fano con Andrea Jeftanovic, destacada escritora chilena que cuenta con siete libros bajo su brazo. Atravesada por la escritura, la maternidad y una genealog\u00eda de personas migrantes, da paso para conversar con Literatura de Fronteras sobre la escena literaria en Chile, la escritura de mujeres y el fen\u00f3meno de la migraci\u00f3n.&nbsp;<\/span><\/p>\n<p><span style=\"font-weight: 400;\">Andrea estudi\u00f3 sociolog\u00eda en la Universidad Cat\u00f3lica e hizo un Doctorado en literatura hispanoamericana en la Universidad de California, Berkeley. Actualmente es profesora de la Universidad de Santiago.&nbsp;<\/span><\/p>\n<p><img loading=\"lazy\" decoding=\"async\" class=\"wp-image-7408 aligncenter\" src=\"http:\/\/www.literaturadefronteras.cl\/wp-content\/uploads\/2021\/11\/NXXPANOCH5GMDDR5QBJH6PKQAM-300x169.jpg\" alt=\"\" width=\"476\" height=\"268\"><\/p>\n<p><strong>LF: \u00bfCu\u00e1ndo empezaste a escribir?&nbsp;<\/strong><\/p>\n<p><b>A: <\/b><span style=\"font-weight: 400;\">Desde la adolescencia hacia adelante. El inicio fue una escritura privada, lo que hace toda joven: escribir en un diario de vida. Luego cuando empec\u00e9 a asistir a talleres literarios en la \u00e9poca universitaria, pens\u00e9 m\u00e1s en serio en el oficio de la escritura y la posibilidad de ser autora, publicar libros y entrar en ese mundo, participar en ese circuito. Yo no fui una escritora precoz, mi primera novela fue a los treinta a\u00f1os. Ven\u00eda escribiendo desde hace tiempo.&nbsp;<\/span><\/p>\n<p><strong>LF: \u00bfCu\u00e1les fueron tus referentes en los inicios de tu carrera como escritora?<\/strong><\/p>\n<p><b>A:<\/b><span style=\"font-weight: 400;\"> Uf tantos. Me acuerdo mucho de <\/span><b>Virginia Woolf<\/b><span style=\"font-weight: 400;\">, fue como \u201cwow, se puede escribir as\u00ed\u201d. Se puede de alg\u00fan modo llevar al lenguaje el mundo \u00edntimo, las voces interiores, sobre todo las voces de las mujeres, la perspectiva de las mujeres. La fragilidad, lo coral. Tambi\u00e9n me acuerdo de autores que fui tomando al azar, por ejemplo, <\/span><b>Hermann Hesse<\/b><span style=\"font-weight: 400;\">. Me impact\u00f3 much\u00edsimo la escritura post holocausto. Todos los autores desde <\/span><b>Ana Frank<\/b><span style=\"font-weight: 400;\"> hacia adelante, todo lo que se pod\u00eda escribir de un momento tan cr\u00edtico, violento, de situaciones l\u00edmites y de qu\u00e9 modo el lenguaje pod\u00eda dar cuenta de eso.<\/span><\/p>\n<p><strong>LF: \u00bfQu\u00e9 opinas que hoy en la literatura chilena, existan mujeres j\u00f3venes como Paulina Flores y Arelis Uribe, que est\u00e1n posicion\u00e1ndose dentro del mundo literario? \u00bfCrees que el escenario actual es distinto al de hace unos a\u00f1os atr\u00e1s para una mujer escritora?&nbsp;<\/strong><\/p>\n<p><strong>A:<\/strong><span style=\"font-weight: 400;\"> Puede ser un poco m\u00e1s favorable, me parece que los cat\u00e1logos de las editoriales, de un modo todav\u00eda imperfecto, tienen m\u00e1s espacio para las autoras. Antes se cumpl\u00eda la cuota.&nbsp; Pienso que este camino est\u00e1 pavimentado por mujeres escritoras como Ana Maria del Rio, Diamela Eltit,&nbsp; Maria Luisa Bombal,&nbsp; Eliana Navarro, Guadalupe Santa Cruz.&nbsp;<\/span><\/p>\n<p><span style=\"font-weight: 400;\">Siento que siempre <\/span><b>las autoras tenemos que pensar en esa genealog\u00eda<\/b><span style=\"font-weight: 400;\"> m\u00e1s que en las actuales y de moda. Para mi es super importante que el feminismo y el lugar de la literatura escrita por mujeres en Chile y Latinoam\u00e9rica es pensar en las precursoras. Hemos olvidado nombres super potentes como Marta Brunet, la misma Luc\u00eda Guerra.&nbsp; En Chile curiosamente tenemos una tradici\u00f3n enorme de mujeres, autoras muy buenas, el problema era que sus libros no se encontraban.<\/span><\/p>\n<blockquote><p><span style=\"font-weight: 400;\">Tal vez ahora las editoriales est\u00e1n m\u00e1s atentas a las mujeres, a la pluma de mujeres, antes hab\u00eda una cosa media reduccionista, de que se le\u00eda a una autora y se cre\u00eda que todas escrib\u00edan igual.&nbsp;<\/span><\/p><\/blockquote>\n<p><span style=\"font-weight: 400;\">Tal vez ahora las editoriales est\u00e1n m\u00e1s atentas a las mujeres, a la pluma de mujeres, antes hab\u00eda una cosa media reduccionista, de que se le\u00eda a una autora y se cre\u00eda que todas escrib\u00edan igual.&nbsp; No hab\u00eda una confianza en esta heterogeneidad de registro que si hay en los autores hombres. Las mujeres no porque sean mujeres van a escribir&nbsp; del mismo modo o las mismas tem\u00e1ticas, as\u00ed que creo que ha sido una ardua lucha por ser incorporadas al c\u00e1non pero esto del c\u00e1non es tambi\u00e9n imperfecto porque todav\u00eda en las lecturas escolares lo que es la lectura obligatoria y la biograf\u00eda universitaria, se sigue leyendo m\u00e1s hombres. <\/span><b>Puede que los nombres de las mujeres circulen m\u00e1s pero estamos lejos de la paridad, muy lejos.&nbsp;<\/b><\/p>\n<p>&nbsp;<\/p>\n<p><strong>LF: En esa misma l\u00ednea, desde el mundo literario se sigue escuchando ese estigma y prejuicio de que hay una \u201cliteratura de mujeres\u201d.&nbsp; Separan la escritura de mujeres de la literatura en general.&nbsp;<\/strong><\/p>\n<p><strong>A:<\/strong> <span style=\"font-weight: 400;\">La literatura hecha por autoras es igual de universal que la literatura hecha por hombres. Antes se le pensaba como un compartimiento, como literatura de mujeres sobre mujeres,&nbsp; las mesas redondas eran solo de mujeres y la antolog\u00eda solo de mujeres. Por un lado, entiendo el intento de visibilizar, yo misma particip\u00e9 mucho en estas iniciativas pero tambi\u00e9n creo que es importante siempre recordar lo que tu dices, la literatura es universal.&nbsp;<\/span><\/p>\n<p>&nbsp;<\/p>\n<p><strong>LF: \u00bfC\u00f3mo es el d\u00eda de una mujer escritora? \u00bfCu\u00e1l es tu rutina?<\/strong><\/p>\n<p><strong>A:<\/strong> <span style=\"font-weight: 400;\">Como la mayor\u00eda de la gente que se dedica a la literatura y que no es superventas, tengo que trabajar en algo m\u00e1s. Soy profesora jornada completa en la Universidad de Santiago, soy acad\u00e9mica del departamento de Literatura y Ling\u00fc\u00edstica, hago clases en pre y posgrado, de modo que el tiempo que tengo para escribir es muy poquito.&nbsp;<\/span><\/p>\n<p><span style=\"font-weight: 400;\">Lucho contra ese tiempo, le robo tiempo al tiempo. Tengo familia, tengo dos hijos, tengo que trabajar, tengo que tener seguro de salud, etc. De modo que escribo muy temprano en la ma\u00f1ana. Antes era una escritora nocturna, pero con los horarios de los chicos de la escuela, me transform\u00e9 en algo que jam\u00e1s pens\u00e9 que me iba a pasar.&nbsp;<\/span><\/p>\n<p><span style=\"font-weight: 400;\">Escribo todo lo que puedo, publico lento. Me demoro mucho entre libro y libro, no es f\u00e1cil combinar. No me ha sido f\u00e1cil siendo super honesta la crianza, el trabajo jornada completa y la escritura pero algo he podido hacer desde los treinta hasta los cincuenta a\u00f1os ya que he publicado 7 libros.<\/span><\/p>\n<p><img loading=\"lazy\" decoding=\"async\" class=\"wp-image-7410 aligncenter\" src=\"http:\/\/www.literaturadefronteras.cl\/wp-content\/uploads\/2021\/11\/Copia-de-ACNUR-10-300x300.png\" alt=\"\" width=\"344\" height=\"344\"><\/p>\n<p>&nbsp;<\/p>\n<h3><b>La escritura fuera de las fronteras&nbsp;<\/b><\/h3>\n<p><strong>LF: Destinos Errantes es un libro de cr\u00f3nicas sobre viajes. \u00bfPor qu\u00e9 narrar y plasmar viajes?&nbsp;<\/strong><\/p>\n<p><span style=\"font-weight: 400;\"><strong>A: <\/strong>Destino Errantes es una cr\u00f3nica de viajes ficcionales, muy hibrido el g\u00e9nero, muchas de las cosas que ah\u00ed escrib\u00ed, no me sucedieron, las imagin\u00e9, las tem\u00ed, las fantase\u00e9, me interes\u00f3 mucho eso de las autoras que es ser un poco irreverente con los g\u00e9neros, creo que los g\u00e9neros literarios nos sirven de cierto marcos.&nbsp;<\/span><\/p>\n<p><span style=\"font-weight: 400;\">Primero ten\u00eda esa inquietud sobre la escritura \u00edntima. Ha sido una condici\u00f3n hist\u00f3rica de las mujeres y tambi\u00e9n de las autoras que han escrito sobre las vidas dom\u00e9sticas, de cuatro paredes. Entonces con esa inquietud de la escritura m\u00e1s encerrada, <\/span><b>quise pensar en la mujer viajera, en el sujeto viajante y tambi\u00e9n quise pensar en la escritura fuera de la casa<\/b><span style=\"font-weight: 400;\">. Quise pensar en la mujer caminante, esta tradici\u00f3n del fl\u00e2neur. Adem\u00e1s de pensar en lo fronterizo, de ir a lugares conflictivos, o ciudades donde tu biograf\u00eda entra a lugares fronterizos y&nbsp; de cambios, confusi\u00f3n.&nbsp;<\/span><\/p>\n<p><span style=\"font-weight: 400;\">Este libro integra cr\u00f3nicas que escrib\u00ed en veinte a\u00f1os. De alg\u00fan modo, ha sido un libro que ha acompa\u00f1ado a mis otros libros. Para mi era interesante el arco de tiempo porque tambi\u00e9n incluy\u00f3 la experiencia de viaje real, de traslado, desplazamiento&nbsp;<\/span><\/p>\n<blockquote><p><span style=\"font-weight: 400;\">La escritura requiere un desplazamiento de una misma<\/span><\/p><\/blockquote>\n<p><strong>LF: En Literatura de Fronteras hicimos una compilaci\u00f3n de mujeres escritoras que han migrado y pareciera que en el oficio de la escritura, las fronteras y el migrar est\u00e1n conectados. \u00bfCu\u00e1l es tu opini\u00f3n?<\/strong><\/p>\n<p><span style=\"font-weight: 400;\"><strong>A: <\/strong>Absolutamente. Aunque una se quede ac\u00e1, la escritura requiere un desplazamiento de una misma. Requiere una desorientaci\u00f3n, pensar un espacio, el lenguaje, el espacio, el tiempo, son tantas dimensiones interconectadas. Requiere salir del mundo que una sali\u00f3, la clase social, el lenguaje que te fue ense\u00f1ado, por ende la escritura de por s\u00ed es cruzar fronteras y m\u00e1s a\u00fan, con toda la carga cultural de los roles sociales. Imag\u00ednate nos quedamos en el rol que se nos fue asignado culturalmente a las mujeres. Viajar da libertad para una mujer. Mucha libertad. Es una exploraci\u00f3n. Cada vez que he viajado sola ha sido un aprendizaje.&nbsp;<\/span><\/p>\n<p>&nbsp;<\/p>\n<p><strong>LF: Cada pa\u00eds tiene una historia, pol\u00edticas, conflictos lo que es s\u00faper complejo \u00bfComo abordas esto en tus escrituras? \u00bfdesde qu\u00e9 punto lo planteas?<\/strong><\/p>\n<p><span style=\"font-weight: 400;\"><strong>A: <\/strong>Desde un punto de vista intimista justamente. Por un lado, investigas mucho en cada uno de los lugares. Sobre el conflicto Per\u00fa-Chile tuve que acudir a archivos hist\u00f3ricos, a la \u201chistoria oficial\u201d y despu\u00e9s tuve que ver de qu\u00e9 modo eso produc\u00eda ecos en mi m\u00e1s \u00edntimos, m\u00e1s subjetivos y c\u00f3mo los podr\u00eda llevar al lenguaje.<\/span><\/p>\n<p><span style=\"font-weight: 400;\">Para m\u00ed, como escritora tengo ese vicio que uno conoce muy bien las culturas a trav\u00e9s de sus escritos y sus libros emblem\u00e1ticos. Ah\u00ed hay una pulsi\u00f3n. El secreto de los pueblos est\u00e1 en su literatura. Para mi es un modo tan v\u00e1lido de conocer como cuando una visita un lugar y viaja, o cuando lee una enciclopedia. Rescato mucho&nbsp; sobre los ecos internos, de la microhistoria.<\/span><\/p>\n<p>&nbsp;<\/p>\n<p><strong>LF: \u00bfQu\u00e9 es lo m\u00e1s importante o tu fin al momento de narrar un viaje? \u00bfPlasmas el viaje desde un hecho anecd\u00f3tico o una transformaci\u00f3n?<\/strong><\/p>\n<p><span style=\"font-weight: 400;\"><strong>A:&nbsp;<\/strong>Lo dije en alguna de las cr\u00f3nicas. El tema de la <\/span><b>alquimia<\/b><span style=\"font-weight: 400;\">, de cambiar de materia, de cambiar de punto de vista, eso es lo m\u00e1s desafiante de un viaje. No todos los viajes que hice ameritaron un texto, soy bien patiperra, me gusta mucho.&nbsp; Vengo de familia migrantes que tienen una serie de mezclas \u00e9tnicas, matrimonios interreligiosos. Tengo&nbsp; una gran cantidad de hilos y mucha curiosidad por hacer el camino inverso para retomar esos hilos y saber c\u00f3mo vivieron mis antepasados de un lado a otro, mud\u00e1ndose de lengua, idioma, territorios, climas, circunstancias hist\u00f3ricas, etc. Tomar la experiencia del viaje real y no la del turista: hacer un cambio y transformaci\u00f3n.&nbsp;<\/span><\/p>\n<p>&nbsp;<\/p>\n<p><strong>LF: \u00bfExiste una metodolog\u00eda para narrar un viaje? \u00bfC\u00f3mo lo haces? \u00bfCu\u00e1l es tu proceso?<\/strong><\/p>\n<p><span style=\"font-weight: 400;\"><strong>A:<\/strong> Muy hermen\u00e9utico y de muchas etapas. Lo primero: tomar apuntes. La escritura a mano es algo muy distinto. Me gusta mucho el objeto del cuaderno, la libreta de viaje, estos escritos sueltos. Las primeras impresiones.&nbsp;<\/span><\/p>\n<p><span style=\"font-weight: 400;\">Luego de esas primeras impresiones y tras regresar a mi casa y rutina, empiezo a investigar mucho. Leo sobre el lugar a trav\u00e9s de novelas o veo pel\u00edculas y artistas. Me interesa mucho el proceso de investigaci\u00f3n con archivos hist\u00f3ricos y art\u00edsticos. De ah\u00ed, empiezo a escribir en varias capas: la primera impresi\u00f3n, investigo, voy de nuevo, tomo de nuevo apuntes a mano, regreso, los paso a limpio, tiene como varias capas y distintos momentos que se van sumando capas geol\u00f3gicas.&nbsp;<\/span><\/p>\n<p>&nbsp;<\/p>\n<p><strong>LF: Cuando hablamos de viaje, tambi\u00e9n hablamos de migraci\u00f3n. \u00bfQu\u00e9 crees o&nbsp; has visto sobre el proceso migratorio que est\u00e1 atravesando el mundo?&nbsp;<\/strong><\/p>\n<p><strong>A:<\/strong><span style=\"font-weight: 400;\"> Tengo much\u00edsima curiosidad. Creo que vamos a leer eso pronto pero no tan pronto. Yo creo que van a escribir sobre esto las segundas generaciones. Eso siempre ocurre. Las primeras generaciones tienen que apagar incendios. Cuando vemos la migraci\u00f3n de \u00c1frica al <\/span><span style=\"font-weight: 400;\">Mediterraneo,<\/span><span style=\"font-weight: 400;\"> la gente que cruza en bote, atroz. O los caminantes que se est\u00e1n escapando de la violencia de Centroam\u00e9rica y que intentan entrar&nbsp; a Estados Unidos. Yo creo que esos adultos est\u00e1n apagando una emergencia que no creo que tengan la capacidad de reflexi\u00f3n ni la distancia hist\u00f3rica. La segunda generaci\u00f3n, los hijos de, o los que se mudaron peque\u00f1os van a adquirir mucha destreza, esa otra lengua, ese otro idioma y van a entender m\u00e1s el contrapunto entre el mundo que viene asociado a sus padres.&nbsp;<\/span><\/p>\n<p><span style=\"font-weight: 400;\">No me extra\u00f1ar\u00eda por ejemplo que en Chile sean los hijos de los haitianos que ya est\u00e1n yendo a las escuelas chilenas sean quienes van a escribir. Vamos a tener una revoluci\u00f3n en las letras chilenas que estoy muy expectante de conocer.&nbsp;<\/span><\/p>\n<p>&nbsp;<\/p>\n<p><strong>LF: Ahora que mencionaste a Chile, qu\u00e9 opinas de lo que est\u00e1 sucediendo actualmente en las fronteras que est\u00e1n rodeadas de personas que buscan refugiarse en nuestro pa\u00eds \u00bfqu\u00e9 sientes al respecto? desde lo literario y emocional&nbsp;<\/strong><\/p>\n<p><strong>A:<\/strong> <span style=\"font-weight: 400;\">Cada vez que veo esas im\u00e1genes de sufrimiento me evoca tanto la historia de mi familia. Yo nac\u00ed en Santiago, fui al colegio y ten\u00eda una casa pero cuando uno ve a esa gente pasando por Colchane o cuando tu ves las noticias y se producen estos incendios, o tambi\u00e9n reportajes de estas familias que comparten casa, es terrible. En parte, eso fue lo que vivi\u00f3 mi familia. Una podr\u00eda decir &#8220;eran europeos, ven\u00edan con m\u00e1s privilegios pero no fue as\u00ed, se vinieron escapando. Mi mam\u00e1 siempre me cuenta eso. Ellos compart\u00edan casa. No me lo cuenta de forma dram\u00e1tica sino que hicieron una cosa solidaria: entre tres familias b\u00falgaras de origen judio compart\u00edan casa en barrio Matta porque no pod\u00edan arrendar una casa solos. Fueron una especie de familia.&nbsp;<\/span><\/p>\n<p><span style=\"font-weight: 400;\">Asimismo, cuando veo a esta gente escapando en barcos me acuerdo de la historia de mi padre que ven\u00eda de la ex Yugoslavia y como pararon en Barcelona y ah\u00ed no los aceptaron y se fueron a Argentina, tampoco los aceptaron hasta que llegaron a Chile. S\u00e9 que aqu\u00ed es importante el factor suerte. Chile es y fue mucho m\u00e1s abierto a la migraci\u00f3n europea. Ya sea por los colores, el color de piel, ojos, pelo y con los capitales culturales.&nbsp;<\/span><\/p>\n<p><strong>LF: Es muy fuerte lo de la migraci\u00f3n en Chile , esa l\u00ednea divisoria en el trato cuando son migrantes europeos o&nbsp; latinos.&nbsp;<\/strong><\/p>\n<p><strong>A:<\/strong><span style=\"font-weight: 400;\"> Claramente, si son haitianos y con piel morena, afroamericanos. Sipo&#8217;, es mucho m\u00e1s dif\u00edcil. Ya sabemos todas las barbaridades y prejuicios que existen. Siempre hubo fobia. Por ejemplo, a la comunidad \u00e1rabe que es enorme en Chile, ahora los vemos integrados pero al principio se hablaba de la turcofobia. No los soportaban, quer\u00edan que vivieran aparte, que tra\u00edan enfermedades. Tampoco hay que creer que porque eran de ese lado del mundo fueron recibidos con los brazos abiertos, tom\u00f3 mucho tiempo. Me imagino que tambi\u00e9n va a tomar mucho tiempo la migraci\u00f3n latinoamericana.&nbsp;<\/span><\/p>\n<p><img loading=\"lazy\" decoding=\"async\" class=\" wp-image-7412 aligncenter\" src=\"http:\/\/www.literaturadefronteras.cl\/wp-content\/uploads\/2021\/11\/Copia-de-ACNUR-11-300x300.png\" alt=\"\" width=\"370\" height=\"370\"><\/p>\n<p><b>***<\/b><\/p>\n<p><strong>LF: En esta \u00faltima parte de la entrevista, la idea es que respondas en una palabra o de forma muy breve, las siguientes preguntas.&nbsp; Por ejemplo, \u00bfqu\u00e9 libro te marc\u00f3?<\/strong><\/p>\n<p><strong>A:<\/strong><i><span style=\"font-weight: 400;\"> El Gran Cuaderno<\/span><\/i><span style=\"font-weight: 400;\"> de Agata Kristof.&nbsp;<\/span><\/p>\n<p><strong>LF: \u00bfUna canci\u00f3n favorita?<\/strong><\/p>\n<p><strong>A: <\/strong><i><span style=\"font-weight: 400;\">Strawberry fields forever <\/span><\/i><span style=\"font-weight: 400;\">de los Beatles&nbsp;<\/span><\/p>\n<p><b>LF: \u00bfUna obra art\u00edstica?&nbsp;<\/b><\/p>\n<p><span style=\"font-weight: 400;\"><strong>A:<\/strong> Obra de teatro: <\/span><i><span style=\"font-weight: 400;\">Esperando a Godot<\/span><\/i><span style=\"font-weight: 400;\"> de Samuel Beckett.&nbsp;&nbsp;<\/span><\/p>\n<p><b>LF: \u00bfAsignatura favorita en el colegio?<\/b><\/p>\n<p><span style=\"font-weight: 400;\"><strong>A:<\/strong> Historia, castellano y artes, no puedo elegir.&nbsp;<\/span><\/p>\n<p><b>LF: Jaja muy humanista \u00bfY en la universidad?<\/b><\/p>\n<p><span style=\"font-weight: 400;\"><strong>A:<\/strong> Antropolog\u00eda y Psicoan\u00e1lisis en pregrado.&nbsp;<\/span><\/p>\n<p><strong>LF: \u00bfTu lugar favorito en el mundo?<\/strong><\/p>\n<p><span style=\"font-weight: 400;\"><strong>A:<\/strong> Cualquier lugar con mar, amo el mar. Me gusta mucho el<\/span><span style=\"font-weight: 400;\"> Mediterr\u00e1neo, h<\/span><span style=\"font-weight: 400;\">ay algo con el buen vivir, me gusta la vida as\u00ed.&nbsp; Clima templado. La comida mar\u00edtima. El vino.&nbsp;<\/span><\/p>\n<p><strong>LF: Tu hora favorita del d\u00eda?<\/strong><\/p>\n<p><span style=\"font-weight: 400;\"><strong>A:<\/strong> En verano, las 7 pm.&nbsp;<\/span><\/p>\n<p><strong>LF: Una palabra para definir frontera<\/strong><\/p>\n<p><span style=\"font-weight: 400;\"><strong>A:<\/strong> Amalgama.&nbsp;<\/span><\/p>\n<p>&nbsp;<\/p>\n","protected":false},"excerpt":{"rendered":"<p>Con su caracter\u00edstica cabellera rubia ondulada y a trav\u00e9s de Zoom, me re\u00fano con Andrea Jeftanovic, destacada escritora chilena que cuenta con siete libros bajo su brazo. Atravesada por la escritura, la maternidad y una genealog\u00eda de personas migrantes, da paso para conversar con Literatura de Fronteras sobre la escena literaria en Chile, la escritura [&hellip;]<\/p>\n","protected":false},"author":2,"featured_media":7960,"comment_status":"open","ping_status":"open","sticky":false,"template":"","format":"standard","meta":{"footnotes":""},"categories":[107,71],"tags":[92,89,90,18,93],"class_list":["post-7405","post","type-post","status-publish","format-standard","has-post-thumbnail","category-migracion","category-sin-categoria","tag-andreajeftanovic","tag-escritura","tag-literatura","tag-migracion","tag-mujeres"],"aioseo_notices":[],"aioseo_head":"\n\t\t<!-- All in One SEO 5.0.1.1 - aioseo.com -->\n\t<meta name=\"description\" content=\"Con su caracter\u00edstica cabellera rubia ondulada y a trav\u00e9s de Zoom, me re\u00fano con Andrea Jeftanovic, destacada escritora chilena que cuenta con siete libros bajo su brazo. Atravesada por la escritura, la maternidad y una genealog\u00eda de personas migrantes, da paso para conversar con Literatura de Fronteras sobre la escena literaria en Chile, la escritura\" \/>\n\t<meta name=\"robots\" content=\"max-image-preview:large\" \/>\n\t<meta name=\"author\" content=\"Andrea Pozo\"\/>\n\t<link rel=\"canonical\" href=\"https:\/\/www.literaturadefronteras.cl\/ldf\/andrea-jeftanovic-la-escritura-de-por-si-es-cruzar-fronteras\/\" \/>\n\t<meta name=\"generator\" content=\"All in One SEO (AIOSEO) 5.0.1.1\" \/>\n\t\t<meta property=\"og:locale\" content=\"es_ES\" \/>\n\t\t<meta property=\"og:site_name\" content=\"Literatura de Fronteras - El presente proyecto (2015-2019) constituye la prolongacio\u0301n y ampliacio\u0301n del proyecto titulado \u201cLa poe\u0301tica de la frontera en la literatura hispanoamericana contempora\u0301nea (Chile-Me\u0301xico)\u201d\" \/>\n\t\t<meta property=\"og:type\" content=\"article\" \/>\n\t\t<meta property=\"og:title\" content=\"Andrea Jeftanovic: \u201cla escritura de por s\u00ed es cruzar fronteras\u201d - Literatura de Fronteras\" \/>\n\t\t<meta property=\"og:description\" content=\"Con su caracter\u00edstica cabellera rubia ondulada y a trav\u00e9s de Zoom, me re\u00fano con Andrea Jeftanovic, destacada escritora chilena que cuenta con siete libros bajo su brazo. Atravesada por la escritura, la maternidad y una genealog\u00eda de personas migrantes, da paso para conversar con Literatura de Fronteras sobre la escena literaria en Chile, la escritura\" \/>\n\t\t<meta property=\"og:url\" content=\"https:\/\/www.literaturadefronteras.cl\/ldf\/andrea-jeftanovic-la-escritura-de-por-si-es-cruzar-fronteras\/\" \/>\n\t\t<meta property=\"article:published_time\" content=\"2021-11-17T18:31:37+00:00\" \/>\n\t\t<meta property=\"article:modified_time\" content=\"2022-11-12T13:25:01+00:00\" \/>\n\t\t<meta name=\"twitter:card\" content=\"summary_large_image\" \/>\n\t\t<meta name=\"twitter:title\" content=\"Andrea Jeftanovic: \u201cla escritura de por s\u00ed es cruzar fronteras\u201d - Literatura de Fronteras\" \/>\n\t\t<meta name=\"twitter:description\" content=\"Con su caracter\u00edstica cabellera rubia ondulada y a trav\u00e9s de Zoom, me re\u00fano con Andrea Jeftanovic, destacada escritora chilena que cuenta con siete libros bajo su brazo. Atravesada por la escritura, la maternidad y una genealog\u00eda de personas migrantes, da paso para conversar con Literatura de Fronteras sobre la escena literaria en Chile, la escritura\" \/>\n\t\t<script type=\"application\/ld+json\" class=\"aioseo-schema\">\n\t\t\t{\"@context\":\"https:\\\/\\\/schema.org\",\"@graph\":[{\"@type\":\"BlogPosting\",\"@id\":\"https:\\\/\\\/www.literaturadefronteras.cl\\\/ldf\\\/andrea-jeftanovic-la-escritura-de-por-si-es-cruzar-fronteras\\\/#blogposting\",\"name\":\"Andrea Jeftanovic: \\u201cla escritura de por s\\u00ed es cruzar fronteras\\u201d - Literatura de Fronteras\",\"headline\":\"Andrea Jeftanovic: \\u201cla escritura de por s\\u00ed es cruzar fronteras\\u201d\",\"author\":{\"@id\":\"https:\\\/\\\/www.literaturadefronteras.cl\\\/ldf\\\/author\\\/andrea-pozo\\\/#author\"},\"publisher\":{\"@id\":\"https:\\\/\\\/www.literaturadefronteras.cl\\\/ldf\\\/#organization\"},\"image\":{\"@type\":\"ImageObject\",\"url\":\"https:\\\/\\\/www.literaturadefronteras.cl\\\/ldf\\\/wp-content\\\/uploads\\\/2021\\\/11\\\/00028-scaled.jpg\",\"width\":2560,\"height\":1715},\"datePublished\":\"2021-11-17T18:31:37+00:00\",\"dateModified\":\"2022-11-12T13:25:01+00:00\",\"inLanguage\":\"es-CL\",\"mainEntityOfPage\":{\"@id\":\"https:\\\/\\\/www.literaturadefronteras.cl\\\/ldf\\\/andrea-jeftanovic-la-escritura-de-por-si-es-cruzar-fronteras\\\/#webpage\"},\"isPartOf\":{\"@id\":\"https:\\\/\\\/www.literaturadefronteras.cl\\\/ldf\\\/andrea-jeftanovic-la-escritura-de-por-si-es-cruzar-fronteras\\\/#webpage\"},\"articleSection\":\"Migraci\\u00f3n, Sin Categor\\u00eda, andreajeftanovic, escritura, literatura, Migraci\\u00f3n, mujeres\"},{\"@type\":\"BreadcrumbList\",\"@id\":\"https:\\\/\\\/www.literaturadefronteras.cl\\\/ldf\\\/andrea-jeftanovic-la-escritura-de-por-si-es-cruzar-fronteras\\\/#breadcrumblist\",\"itemListElement\":[{\"@type\":\"ListItem\",\"@id\":\"https:\\\/\\\/www.literaturadefronteras.cl\\\/ldf#listItem\",\"position\":1,\"name\":\"Home\",\"item\":\"https:\\\/\\\/www.literaturadefronteras.cl\\\/ldf\",\"nextItem\":{\"@type\":\"ListItem\",\"@id\":\"https:\\\/\\\/www.literaturadefronteras.cl\\\/ldf\\\/category\\\/sin-categoria\\\/#listItem\",\"name\":\"Sin Categor\\u00eda\"}},{\"@type\":\"ListItem\",\"@id\":\"https:\\\/\\\/www.literaturadefronteras.cl\\\/ldf\\\/category\\\/sin-categoria\\\/#listItem\",\"position\":2,\"name\":\"Sin Categor\\u00eda\",\"item\":\"https:\\\/\\\/www.literaturadefronteras.cl\\\/ldf\\\/category\\\/sin-categoria\\\/\",\"nextItem\":{\"@type\":\"ListItem\",\"@id\":\"https:\\\/\\\/www.literaturadefronteras.cl\\\/ldf\\\/andrea-jeftanovic-la-escritura-de-por-si-es-cruzar-fronteras\\\/#listItem\",\"name\":\"Andrea Jeftanovic: \\u201cla escritura de por s\\u00ed es cruzar fronteras\\u201d\"},\"previousItem\":{\"@type\":\"ListItem\",\"@id\":\"https:\\\/\\\/www.literaturadefronteras.cl\\\/ldf#listItem\",\"name\":\"Home\"}},{\"@type\":\"ListItem\",\"@id\":\"https:\\\/\\\/www.literaturadefronteras.cl\\\/ldf\\\/andrea-jeftanovic-la-escritura-de-por-si-es-cruzar-fronteras\\\/#listItem\",\"position\":3,\"name\":\"Andrea Jeftanovic: \\u201cla escritura de por s\\u00ed es cruzar fronteras\\u201d\",\"previousItem\":{\"@type\":\"ListItem\",\"@id\":\"https:\\\/\\\/www.literaturadefronteras.cl\\\/ldf\\\/category\\\/sin-categoria\\\/#listItem\",\"name\":\"Sin Categor\\u00eda\"}}]},{\"@type\":\"Organization\",\"@id\":\"https:\\\/\\\/www.literaturadefronteras.cl\\\/ldf\\\/#organization\",\"name\":\"Literatura de Fronteras\",\"description\":\"El presente proyecto (2015-2019) constituye la prolongacio\\u0301n y ampliacio\\u0301n del proyecto titulado \\u201cLa poe\\u0301tica de la frontera en la literatura hispanoamericana contempora\\u0301nea (Chile-Me\\u0301xico)\\u201d\",\"url\":\"https:\\\/\\\/www.literaturadefronteras.cl\\\/ldf\\\/\",\"logo\":{\"@type\":\"ImageObject\",\"url\":\"https:\\\/\\\/www.literaturadefronteras.cl\\\/ldf\\\/wp-content\\\/uploads\\\/2022\\\/10\\\/logo-literatura-fronteras.png\",\"@id\":\"https:\\\/\\\/www.literaturadefronteras.cl\\\/ldf\\\/andrea-jeftanovic-la-escritura-de-por-si-es-cruzar-fronteras\\\/#organizationLogo\",\"width\":272,\"height\":90},\"image\":{\"@id\":\"https:\\\/\\\/www.literaturadefronteras.cl\\\/ldf\\\/andrea-jeftanovic-la-escritura-de-por-si-es-cruzar-fronteras\\\/#organizationLogo\"}},{\"@type\":\"Person\",\"@id\":\"https:\\\/\\\/www.literaturadefronteras.cl\\\/ldf\\\/author\\\/andrea-pozo\\\/#author\",\"url\":\"https:\\\/\\\/www.literaturadefronteras.cl\\\/ldf\\\/author\\\/andrea-pozo\\\/\",\"name\":\"Andrea Pozo\"},{\"@type\":\"WebPage\",\"@id\":\"https:\\\/\\\/www.literaturadefronteras.cl\\\/ldf\\\/andrea-jeftanovic-la-escritura-de-por-si-es-cruzar-fronteras\\\/#webpage\",\"url\":\"https:\\\/\\\/www.literaturadefronteras.cl\\\/ldf\\\/andrea-jeftanovic-la-escritura-de-por-si-es-cruzar-fronteras\\\/\",\"name\":\"Andrea Jeftanovic: \\u201cla escritura de por s\\u00ed es cruzar fronteras\\u201d - Literatura de Fronteras\",\"description\":\"Con su caracter\\u00edstica cabellera rubia ondulada y a trav\\u00e9s de Zoom, me re\\u00fano con Andrea Jeftanovic, destacada escritora chilena que cuenta con siete libros bajo su brazo. Atravesada por la escritura, la maternidad y una genealog\\u00eda de personas migrantes, da paso para conversar con Literatura de Fronteras sobre la escena literaria en Chile, la escritura\",\"inLanguage\":\"es-CL\",\"isPartOf\":{\"@id\":\"https:\\\/\\\/www.literaturadefronteras.cl\\\/ldf\\\/#website\"},\"breadcrumb\":{\"@id\":\"https:\\\/\\\/www.literaturadefronteras.cl\\\/ldf\\\/andrea-jeftanovic-la-escritura-de-por-si-es-cruzar-fronteras\\\/#breadcrumblist\"},\"author\":{\"@id\":\"https:\\\/\\\/www.literaturadefronteras.cl\\\/ldf\\\/author\\\/andrea-pozo\\\/#author\"},\"creator\":{\"@id\":\"https:\\\/\\\/www.literaturadefronteras.cl\\\/ldf\\\/author\\\/andrea-pozo\\\/#author\"},\"image\":{\"@type\":\"ImageObject\",\"url\":\"https:\\\/\\\/www.literaturadefronteras.cl\\\/ldf\\\/wp-content\\\/uploads\\\/2021\\\/11\\\/00028-scaled.jpg\",\"@id\":\"https:\\\/\\\/www.literaturadefronteras.cl\\\/ldf\\\/andrea-jeftanovic-la-escritura-de-por-si-es-cruzar-fronteras\\\/#mainImage\",\"width\":2560,\"height\":1715},\"primaryImageOfPage\":{\"@id\":\"https:\\\/\\\/www.literaturadefronteras.cl\\\/ldf\\\/andrea-jeftanovic-la-escritura-de-por-si-es-cruzar-fronteras\\\/#mainImage\"},\"datePublished\":\"2021-11-17T18:31:37+00:00\",\"dateModified\":\"2022-11-12T13:25:01+00:00\"},{\"@type\":\"WebSite\",\"@id\":\"https:\\\/\\\/www.literaturadefronteras.cl\\\/ldf\\\/#website\",\"url\":\"https:\\\/\\\/www.literaturadefronteras.cl\\\/ldf\\\/\",\"name\":\"Literatura de Fronteras\",\"description\":\"El presente proyecto (2015-2019) constituye la prolongacio\\u0301n y ampliacio\\u0301n del proyecto titulado \\u201cLa poe\\u0301tica de la frontera en la literatura hispanoamericana contempora\\u0301nea (Chile-Me\\u0301xico)\\u201d\",\"inLanguage\":\"es-CL\",\"publisher\":{\"@id\":\"https:\\\/\\\/www.literaturadefronteras.cl\\\/ldf\\\/#organization\"}}]}\n\t\t<\/script>\n\t\t<!-- All in One SEO -->\n\n","aioseo_head_json":{"title":"Andrea Jeftanovic: \u201cla escritura de por s\u00ed es cruzar fronteras\u201d - Literatura de Fronteras","description":"Con su caracter\u00edstica cabellera rubia ondulada y a trav\u00e9s de Zoom, me re\u00fano con Andrea Jeftanovic, destacada escritora chilena que cuenta con siete libros bajo su brazo. Atravesada por la escritura, la maternidad y una genealog\u00eda de personas migrantes, da paso para conversar con Literatura de Fronteras sobre la escena literaria en Chile, la escritura","canonical_url":"https:\/\/www.literaturadefronteras.cl\/ldf\/andrea-jeftanovic-la-escritura-de-por-si-es-cruzar-fronteras\/","robots":"max-image-preview:large","keywords":"","webmasterTools":{"miscellaneous":""},"schema":{"@context":"https:\/\/schema.org","@graph":[{"@type":"BlogPosting","@id":"https:\/\/www.literaturadefronteras.cl\/ldf\/andrea-jeftanovic-la-escritura-de-por-si-es-cruzar-fronteras\/#blogposting","name":"Andrea Jeftanovic: \u201cla escritura de por s\u00ed es cruzar fronteras\u201d - Literatura de Fronteras","headline":"Andrea Jeftanovic: \u201cla escritura de por s\u00ed es cruzar fronteras\u201d","author":{"@id":"https:\/\/www.literaturadefronteras.cl\/ldf\/author\/andrea-pozo\/#author"},"publisher":{"@id":"https:\/\/www.literaturadefronteras.cl\/ldf\/#organization"},"image":{"@type":"ImageObject","url":"https:\/\/www.literaturadefronteras.cl\/ldf\/wp-content\/uploads\/2021\/11\/00028-scaled.jpg","width":2560,"height":1715},"datePublished":"2021-11-17T18:31:37+00:00","dateModified":"2022-11-12T13:25:01+00:00","inLanguage":"es-CL","mainEntityOfPage":{"@id":"https:\/\/www.literaturadefronteras.cl\/ldf\/andrea-jeftanovic-la-escritura-de-por-si-es-cruzar-fronteras\/#webpage"},"isPartOf":{"@id":"https:\/\/www.literaturadefronteras.cl\/ldf\/andrea-jeftanovic-la-escritura-de-por-si-es-cruzar-fronteras\/#webpage"},"articleSection":"Migraci\u00f3n, Sin Categor\u00eda, andreajeftanovic, escritura, literatura, Migraci\u00f3n, mujeres"},{"@type":"BreadcrumbList","@id":"https:\/\/www.literaturadefronteras.cl\/ldf\/andrea-jeftanovic-la-escritura-de-por-si-es-cruzar-fronteras\/#breadcrumblist","itemListElement":[{"@type":"ListItem","@id":"https:\/\/www.literaturadefronteras.cl\/ldf#listItem","position":1,"name":"Home","item":"https:\/\/www.literaturadefronteras.cl\/ldf","nextItem":{"@type":"ListItem","@id":"https:\/\/www.literaturadefronteras.cl\/ldf\/category\/sin-categoria\/#listItem","name":"Sin Categor\u00eda"}},{"@type":"ListItem","@id":"https:\/\/www.literaturadefronteras.cl\/ldf\/category\/sin-categoria\/#listItem","position":2,"name":"Sin Categor\u00eda","item":"https:\/\/www.literaturadefronteras.cl\/ldf\/category\/sin-categoria\/","nextItem":{"@type":"ListItem","@id":"https:\/\/www.literaturadefronteras.cl\/ldf\/andrea-jeftanovic-la-escritura-de-por-si-es-cruzar-fronteras\/#listItem","name":"Andrea Jeftanovic: \u201cla escritura de por s\u00ed es cruzar fronteras\u201d"},"previousItem":{"@type":"ListItem","@id":"https:\/\/www.literaturadefronteras.cl\/ldf#listItem","name":"Home"}},{"@type":"ListItem","@id":"https:\/\/www.literaturadefronteras.cl\/ldf\/andrea-jeftanovic-la-escritura-de-por-si-es-cruzar-fronteras\/#listItem","position":3,"name":"Andrea Jeftanovic: \u201cla escritura de por s\u00ed es cruzar fronteras\u201d","previousItem":{"@type":"ListItem","@id":"https:\/\/www.literaturadefronteras.cl\/ldf\/category\/sin-categoria\/#listItem","name":"Sin Categor\u00eda"}}]},{"@type":"Organization","@id":"https:\/\/www.literaturadefronteras.cl\/ldf\/#organization","name":"Literatura de Fronteras","description":"El presente proyecto (2015-2019) constituye la prolongacio\u0301n y ampliacio\u0301n del proyecto titulado \u201cLa poe\u0301tica de la frontera en la literatura hispanoamericana contempora\u0301nea (Chile-Me\u0301xico)\u201d","url":"https:\/\/www.literaturadefronteras.cl\/ldf\/","logo":{"@type":"ImageObject","url":"https:\/\/www.literaturadefronteras.cl\/ldf\/wp-content\/uploads\/2022\/10\/logo-literatura-fronteras.png","@id":"https:\/\/www.literaturadefronteras.cl\/ldf\/andrea-jeftanovic-la-escritura-de-por-si-es-cruzar-fronteras\/#organizationLogo","width":272,"height":90},"image":{"@id":"https:\/\/www.literaturadefronteras.cl\/ldf\/andrea-jeftanovic-la-escritura-de-por-si-es-cruzar-fronteras\/#organizationLogo"}},{"@type":"Person","@id":"https:\/\/www.literaturadefronteras.cl\/ldf\/author\/andrea-pozo\/#author","url":"https:\/\/www.literaturadefronteras.cl\/ldf\/author\/andrea-pozo\/","name":"Andrea Pozo"},{"@type":"WebPage","@id":"https:\/\/www.literaturadefronteras.cl\/ldf\/andrea-jeftanovic-la-escritura-de-por-si-es-cruzar-fronteras\/#webpage","url":"https:\/\/www.literaturadefronteras.cl\/ldf\/andrea-jeftanovic-la-escritura-de-por-si-es-cruzar-fronteras\/","name":"Andrea Jeftanovic: \u201cla escritura de por s\u00ed es cruzar fronteras\u201d - Literatura de Fronteras","description":"Con su caracter\u00edstica cabellera rubia ondulada y a trav\u00e9s de Zoom, me re\u00fano con Andrea Jeftanovic, destacada escritora chilena que cuenta con siete libros bajo su brazo. Atravesada por la escritura, la maternidad y una genealog\u00eda de personas migrantes, da paso para conversar con Literatura de Fronteras sobre la escena literaria en Chile, la escritura","inLanguage":"es-CL","isPartOf":{"@id":"https:\/\/www.literaturadefronteras.cl\/ldf\/#website"},"breadcrumb":{"@id":"https:\/\/www.literaturadefronteras.cl\/ldf\/andrea-jeftanovic-la-escritura-de-por-si-es-cruzar-fronteras\/#breadcrumblist"},"author":{"@id":"https:\/\/www.literaturadefronteras.cl\/ldf\/author\/andrea-pozo\/#author"},"creator":{"@id":"https:\/\/www.literaturadefronteras.cl\/ldf\/author\/andrea-pozo\/#author"},"image":{"@type":"ImageObject","url":"https:\/\/www.literaturadefronteras.cl\/ldf\/wp-content\/uploads\/2021\/11\/00028-scaled.jpg","@id":"https:\/\/www.literaturadefronteras.cl\/ldf\/andrea-jeftanovic-la-escritura-de-por-si-es-cruzar-fronteras\/#mainImage","width":2560,"height":1715},"primaryImageOfPage":{"@id":"https:\/\/www.literaturadefronteras.cl\/ldf\/andrea-jeftanovic-la-escritura-de-por-si-es-cruzar-fronteras\/#mainImage"},"datePublished":"2021-11-17T18:31:37+00:00","dateModified":"2022-11-12T13:25:01+00:00"},{"@type":"WebSite","@id":"https:\/\/www.literaturadefronteras.cl\/ldf\/#website","url":"https:\/\/www.literaturadefronteras.cl\/ldf\/","name":"Literatura de Fronteras","description":"El presente proyecto (2015-2019) constituye la prolongacio\u0301n y ampliacio\u0301n del proyecto titulado \u201cLa poe\u0301tica de la frontera en la literatura hispanoamericana contempora\u0301nea (Chile-Me\u0301xico)\u201d","inLanguage":"es-CL","publisher":{"@id":"https:\/\/www.literaturadefronteras.cl\/ldf\/#organization"}}]},"og:locale":"es_ES","og:site_name":"Literatura de Fronteras - El presente proyecto (2015-2019) constituye la prolongacio\u0301n y ampliacio\u0301n del proyecto titulado \u201cLa poe\u0301tica de la frontera en la literatura hispanoamericana contempora\u0301nea (Chile-Me\u0301xico)\u201d","og:type":"article","og:title":"Andrea Jeftanovic: \u201cla escritura de por s\u00ed es cruzar fronteras\u201d - Literatura de Fronteras","og:description":"Con su caracter\u00edstica cabellera rubia ondulada y a trav\u00e9s de Zoom, me re\u00fano con Andrea Jeftanovic, destacada escritora chilena que cuenta con siete libros bajo su brazo. Atravesada por la escritura, la maternidad y una genealog\u00eda de personas migrantes, da paso para conversar con Literatura de Fronteras sobre la escena literaria en Chile, la escritura","og:url":"https:\/\/www.literaturadefronteras.cl\/ldf\/andrea-jeftanovic-la-escritura-de-por-si-es-cruzar-fronteras\/","article:published_time":"2021-11-17T18:31:37+00:00","article:modified_time":"2022-11-12T13:25:01+00:00","twitter:card":"summary_large_image","twitter:title":"Andrea Jeftanovic: \u201cla escritura de por s\u00ed es cruzar fronteras\u201d - Literatura de Fronteras","twitter:description":"Con su caracter\u00edstica cabellera rubia ondulada y a trav\u00e9s de Zoom, me re\u00fano con Andrea Jeftanovic, destacada escritora chilena que cuenta con siete libros bajo su brazo. Atravesada por la escritura, la maternidad y una genealog\u00eda de personas migrantes, da paso para conversar con Literatura de Fronteras sobre la escena literaria en Chile, la escritura"},"aioseo_meta_data":{"post_id":"7405","title":null,"description":null,"keywords":[],"keyphrases":{"focus":{"keyphrase":"","score":0,"analysis":{"keyphraseInTitle":{"score":0,"maxScore":9,"error":1}}},"additional":[]},"primary_term":null,"canonical_url":null,"og_title":null,"og_description":null,"og_object_type":"default","og_image_type":"default","og_image_url":null,"og_image_width":null,"og_image_height":null,"og_image_custom_url":null,"og_image_custom_fields":null,"og_video":"","og_custom_url":null,"og_article_section":null,"og_article_tags":[],"twitter_use_og":false,"twitter_card":"default","twitter_image_type":"default","twitter_image_url":null,"twitter_image_custom_url":null,"twitter_image_custom_fields":null,"twitter_title":null,"twitter_description":null,"schema":{"blockGraphs":[],"customGraphs":[],"default":{"data":{"Article":[],"Course":[],"Dataset":[],"FAQPage":[],"Movie":[],"Person":[],"Product":[],"ProductReview":[],"Car":[],"Recipe":[],"Service":[],"SoftwareApplication":[],"WebPage":[]},"graphName":"BlogPosting","isEnabled":true},"graphs":[]},"schema_type":"default","schema_type_options":null,"pillar_content":false,"robots_default":true,"robots_noindex":false,"robots_noarchive":false,"robots_nosnippet":false,"robots_nofollow":false,"robots_noimageindex":false,"robots_noodp":false,"robots_notranslate":false,"robots_max_snippet":"-1","robots_max_videopreview":"-1","robots_max_imagepreview":"large","priority":null,"frequency":"default","local_seo":null,"breadcrumb_settings":null,"limit_modified_date":false,"ai":null,"created":"2022-10-19 19:50:40","updated":"2025-06-04 09:07:17","seo_analyzer_scan_date":null,"focus_keyword":null,"additional_keywords":null,"truseo_locale":null},"aioseo_breadcrumb":"<div class=\"aioseo-breadcrumbs\"><span class=\"aioseo-breadcrumb\">\n\t\t\t<a href=\"https:\/\/www.literaturadefronteras.cl\/ldf\" title=\"Home\">Home<\/a>\n\t\t<\/span><span class=\"aioseo-breadcrumb-separator\">&raquo;<\/span><span class=\"aioseo-breadcrumb\">\n\t\t\t<a href=\"https:\/\/www.literaturadefronteras.cl\/ldf\/category\/sin-categoria\/\" title=\"Sin Categor\u00eda\">Sin Categor\u00eda<\/a>\n\t\t<\/span><span class=\"aioseo-breadcrumb-separator\">&raquo;<\/span><span class=\"aioseo-breadcrumb\">\n\t\t\tAndrea Jeftanovic: \u201cla escritura de por s\u00ed es cruzar fronteras\u201d\n\t\t<\/span><\/div>","aioseo_breadcrumb_json":[{"label":"Home","link":"https:\/\/www.literaturadefronteras.cl\/ldf"},{"label":"Sin Categor\u00eda","link":"https:\/\/www.literaturadefronteras.cl\/ldf\/category\/sin-categoria\/"},{"label":"Andrea Jeftanovic: \u201cla escritura de por s\u00ed es cruzar fronteras\u201d","link":"https:\/\/www.literaturadefronteras.cl\/ldf\/andrea-jeftanovic-la-escritura-de-por-si-es-cruzar-fronteras\/"}],"_links":{"self":[{"href":"https:\/\/www.literaturadefronteras.cl\/ldf\/wp-json\/wp\/v2\/posts\/7405","targetHints":{"allow":["GET"]}}],"collection":[{"href":"https:\/\/www.literaturadefronteras.cl\/ldf\/wp-json\/wp\/v2\/posts"}],"about":[{"href":"https:\/\/www.literaturadefronteras.cl\/ldf\/wp-json\/wp\/v2\/types\/post"}],"author":[{"embeddable":true,"href":"https:\/\/www.literaturadefronteras.cl\/ldf\/wp-json\/wp\/v2\/users\/2"}],"replies":[{"embeddable":true,"href":"https:\/\/www.literaturadefronteras.cl\/ldf\/wp-json\/wp\/v2\/comments?post=7405"}],"version-history":[{"count":1,"href":"https:\/\/www.literaturadefronteras.cl\/ldf\/wp-json\/wp\/v2\/posts\/7405\/revisions"}],"predecessor-version":[{"id":7754,"href":"https:\/\/www.literaturadefronteras.cl\/ldf\/wp-json\/wp\/v2\/posts\/7405\/revisions\/7754"}],"wp:featuredmedia":[{"embeddable":true,"href":"https:\/\/www.literaturadefronteras.cl\/ldf\/wp-json\/wp\/v2\/media\/7960"}],"wp:attachment":[{"href":"https:\/\/www.literaturadefronteras.cl\/ldf\/wp-json\/wp\/v2\/media?parent=7405"}],"wp:term":[{"taxonomy":"category","embeddable":true,"href":"https:\/\/www.literaturadefronteras.cl\/ldf\/wp-json\/wp\/v2\/categories?post=7405"},{"taxonomy":"post_tag","embeddable":true,"href":"https:\/\/www.literaturadefronteras.cl\/ldf\/wp-json\/wp\/v2\/tags?post=7405"}],"curies":[{"name":"wp","href":"https:\/\/api.w.org\/{rel}","templated":true}]}}