{"id":7432,"date":"2021-12-02T20:45:46","date_gmt":"2021-12-02T20:45:46","guid":{"rendered":"http:\/\/www.literaturadefronteras.cl\/?p=7432"},"modified":"2022-11-12T00:02:38","modified_gmt":"2022-11-12T00:02:38","slug":"coloquio-literatura-de-migracion-en-las-americas","status":"publish","type":"post","link":"https:\/\/www.literaturadefronteras.cl\/ldf\/coloquio-literatura-de-migracion-en-las-americas\/","title":{"rendered":"Coloquio: literatura de migraci\u00f3n en las Am\u00e9ricas"},"content":{"rendered":"<p><span style=\"font-weight: 400;\">Este 22 de noviembre se llev\u00f3 a cabo el coloquio<\/span> <strong>\u201cLiteratura de migraci\u00f3n en las Am\u00e9ricas: afectividades, fronteridades, corpograf\u00edas\u201d<\/strong><span style=\"font-weight: 400;\">, organizado por la<\/span> <span style=\"font-weight: 400;\">Facultad de Artes Liberales y que se enmarca dentro del proyecto de investigacio\u0301n literaria a cargo de la profesora Universidad Adolfo Iba\u00f1ez, <\/span><strong>Tatiana Caldero\u0301n Le Joliff.<\/strong><\/p>\n<p><span style=\"font-weight: 400;\">Al encuentro asistieron la <\/span><strong>Dra. Paula Daniela Bianchi<\/strong> <span style=\"font-weight: 400;\">de la Universidad de Buenos Aires, el<\/span> <strong>Dr. David Montecino Vieira<\/strong><span style=\"font-weight: 400;\"> de la Universidad Cat\u00f3lica, Emilio Vargas Poblete Doctorando en Estudios Americanos (UAI) y<\/span> <strong>Christian Pardo Gamboa<\/strong><span style=\"font-weight: 400;\">, maestrando en Literatura (PUC).<\/span><\/p>\n<p><span style=\"font-weight: 400;\">En este coloquio se compartieron miradas sobre las fronteras y la migraci\u00f3n desde distintas obras literarias y sus respectivas representaciones. Adem\u00e1s, se analizaron tem\u00e1ticas como las corporalidades, la explotaci\u00f3n y los abusos que las y los protagonistas sufren&nbsp; y que vislumbran la realidad social que experimentan los migrantes.&nbsp;<\/span><\/p>\n<p><img loading=\"lazy\" decoding=\"async\" class=\"alignnone wp-image-7441\" src=\"http:\/\/www.literaturadefronteras.cl\/wp-content\/uploads\/2021\/12\/WhatsApp-Image-2021-11-16-at-15.19.54-300x300.jpeg\" alt=\"\" width=\"438\" height=\"438\"><\/p>\n<p><span style=\"font-weight: 400;\">La acad\u00e9mica Paula Daniela Bianchi, habl\u00f3 sobre su investigaci\u00f3n de \u201cFronteras, bald\u00edos, recorridos: Gabriela Cabez\u00f3n C\u00e1mara, Fernanda Tr\u00edas, Nadia Villafuerte\u201d, en el que analiza los textos de estas tres escritoras y los relaciona <\/span><strong>\u201ccon los lazos amorosos, las fronteras y&nbsp; en relaci\u00f3n con la corporalidad, y con los desplazamientos de los personajes femeninos<\/strong><span style=\"font-weight: 400;\"><strong>\u201d<\/strong>, explic\u00f3.&nbsp;<\/span><\/p>\n<p><span style=\"font-weight: 400;\">De esta forma, Bianchi explica que&nbsp; \u201calgunas de las cosas que me pregunto en estos textos y problem\u00e1ticas que son diferentes, es en relaci\u00f3n con lo biopol\u00edtico, la intimidad, lo que transforma a las protagonistas en sujetos umbral de lo viviente y como las fronteras marcan un l\u00edmite que establece un trazo que nos permite de estar un lado u otro\u201d.&nbsp;<\/span><\/p>\n<p><img loading=\"lazy\" decoding=\"async\" class=\"alignnone wp-image-7433\" src=\"http:\/\/www.literaturadefronteras.cl\/wp-content\/uploads\/2021\/12\/DanielaBianchi-300x169.png\" alt=\"\" width=\"433\" height=\"244\"><\/p>\n<p><span style=\"font-weight: 400;\">En el caso de <\/span><strong>David Montecino Vieira<\/strong><span style=\"font-weight: 400;\"> de la Universidad Cat\u00f3lica, present\u00f3 el texto: <\/span><b>&nbsp;<\/b><strong>\u201cDe la proliferaci\u00f3n de las fronteras: la problem\u00e1tica de analizar literatura intercultural en el contexto de la alta globalizaci\u00f3n\u201d<\/strong><span style=\"font-weight: 400;\">.&nbsp;<\/span><\/p>\n<p><span style=\"font-weight: 400;\">&nbsp;&#8220;El objetivo principal es reflexionar sobre el campo de estudio cultural y literario fronterizo, lo que voy a hacer a partir de ideas te\u00f3ricas y metodol\u00f3gicas surgidas del estudio interdisciplinario de las fronteras&#8221;, asegur\u00f3 David Montecino.&nbsp;<\/span><\/p>\n<p><span style=\"font-weight: 400;\">De esta forma, se refiri\u00f3 a las \u201cnovelas de fronteras\u201d y sus principales caracter\u00edsticas. \u201cSe invita a pensar los m\u00faltiples procesos de territorializaci\u00f3n en una forma multisituada. Esto a mi juicio, podr\u00eda ser \u00fatil para iluminar de c\u00f3mo las fronteras pueden ser sitios de poder y contrapoder\u201d, finaliz\u00f3 Montecino.&nbsp;<\/span><\/p>\n<p><img loading=\"lazy\" decoding=\"async\" class=\"alignnone wp-image-7434\" src=\"http:\/\/www.literaturadefronteras.cl\/wp-content\/uploads\/2021\/12\/davidmontecino-300x154.png\" alt=\"\" width=\"469\" height=\"241\"><\/p>\n<p><span style=\"font-weight: 400;\">Por su parte, <\/span><strong>Emilio Vargas Poblete<\/strong><span style=\"font-weight: 400;\">,&nbsp; actualmente doctorando en Estudios Americanos (UAI), se refiri\u00f3 a&nbsp; su investigaci\u00f3n \u201cCorpograf\u00edas en tr\u00e1nsito: La violencia inscrita en el cuerpo del migrante\u201d.<\/span><\/p>\n<p><span style=\"font-weight: 400;\">Basado en el libro <\/span><i><span style=\"font-weight: 400;\">Charapo<\/span><\/i><span style=\"font-weight: 400;\"> de Pablo D. Cheng, seg\u00fan Vargas \u201cesta ponencia estar\u00e1 centrada en la violencia sobre los cuerpos. Me parece que una de las claves de la novela tiene como eje <strong>las modulaciones de la violencia que transita por los cuerpos individuales y colectivos<\/strong>. Mi propuesta es que el cuerpo es donde se inscribe y permanece los signos de la violencia\u201d.&nbsp;<\/span><\/p>\n<p><span style=\"font-weight: 400;\">Es as\u00ed como realiza un an\u00e1lisis de la migraci\u00f3n y los cuerpos de los sujetos migrantes. \u201cPodemos observar en la novela que esa serie de violencias hacia los sujetos se inscriben en un aparato mayor, en una estructura social y econ\u00f3mica que propicia la desvinculaci\u00f3n del sujeto con su dimensi\u00f3n jur\u00eddica de amparo. Los cuerpos son mano de obra o no son nada\u201d, asegur\u00f3 Vargas Poblete.&nbsp;<\/span><\/p>\n<p><img loading=\"lazy\" decoding=\"async\" class=\"alignnone wp-image-7435\" src=\"http:\/\/www.literaturadefronteras.cl\/wp-content\/uploads\/2021\/12\/emiliovargas-300x154.png\" alt=\"\" width=\"455\" height=\"234\"><\/p>\n<p><span style=\"font-weight: 400;\">En la ponencia de <\/span><strong>Christian Pardo Gamboa<\/strong><span style=\"font-weight: 400;\"><strong>,<\/strong> actualmente maestrando en Literatura en la Universidad Cat\u00f3lica, se refiri\u00f3 a su ponencia: \u201ccuerpos migrantes: sumisiones, dolores y sinsabores en los cuerpos de <\/span><i><span style=\"font-weight: 400;\">Americanah<\/span><\/i><span style=\"font-weight: 400;\"> (2013) y <\/span><i><span style=\"font-weight: 400;\">Necesitamos nombres<\/span><\/i> <i><span style=\"font-weight: 400;\">nuevos <\/span><\/i><span style=\"font-weight: 400;\">(2013)\u201d.<\/span><\/p>\n<p><span style=\"font-weight: 400;\">En su exposici\u00f3n se refiri\u00f3 a los libros <\/span><i><span style=\"font-weight: 400;\">Americanah <\/span><\/i><span style=\"font-weight: 400;\">de Chimamanda Ngozi Adichie y <\/span><i><span style=\"font-weight: 400;\">Necesitamos nombres nuevos <\/span><\/i><span style=\"font-weight: 400;\">de NoViolet Bulawayo que tratan sobre mujeres j\u00f3venes que migran a Estados Unidos desde Nigeria y Zimbabue.&nbsp;<\/span><\/p>\n<p><span style=\"font-weight: 400;\">&#8220;Pese a que existen diferencias entre ambos relatos, particularmente relacionado a la clase social de ambas protagonistas y las y los personajes que las rodean, <strong>experimentan dolores y rechazos tanto en el pa\u00eds de destino como en el de origen al momento de cruzar la frontera<\/strong>\u201d, explic\u00f3 Christian Pardo.<\/span><\/p>\n<p><span style=\"font-weight: 400;\">De esta forma, Pardo asegur\u00f3 que \u201cdesde mi lectura el sistema de personaje, en especial el femenino, se ven afectados por los dispositivos migratorios, los cuerpos en metamorfosis, el acoso laboral, las protagonistas y secundarias sufren distintos tipos de abusos entre los que se destacan el sexual y la violaci\u00f3n\u201d.<\/span><\/p>\n<p><img loading=\"lazy\" decoding=\"async\" class=\"alignnone wp-image-7436\" src=\"http:\/\/www.literaturadefronteras.cl\/wp-content\/uploads\/2021\/12\/christianpardo-300x156.png\" alt=\"\" width=\"444\" height=\"231\"><\/p>\n<p>&nbsp;<\/p>\n<p><strong>Ve este coloquio completo aqu\u00ed:<\/strong><\/p>\n<p><iframe loading=\"lazy\" style=\"border: none; overflow: hidden;\" src=\"https:\/\/www.facebook.com\/plugins\/video.php?height=300&amp;href=https%3A%2F%2Fwww.facebook.com%2Fmagisterliteraturacomparada%2Fvideos%2F363434478875301%2F&amp;show_text=false&amp;width=560&amp;t=0\" scrolling=\"no\" allowfullscreen=\"allowfullscreen\" width=\"560\" height=\"300\" frameborder=\"0\"><\/iframe><\/p>\n","protected":false},"excerpt":{"rendered":"<p>Este 22 de noviembre se llev\u00f3 a cabo el coloquio \u201cLiteratura de migraci\u00f3n en las Am\u00e9ricas: afectividades, fronteridades, corpograf\u00edas\u201d, organizado por la Facultad de Artes Liberales y que se enmarca dentro del proyecto de investigacio\u0301n literaria a cargo de la profesora Universidad Adolfo Iba\u00f1ez, Tatiana Caldero\u0301n Le Joliff. Al encuentro asistieron la Dra. Paula Daniela [&hellip;]<\/p>\n","protected":false},"author":2,"featured_media":7959,"comment_status":"open","ping_status":"open","sticky":false,"template":"","format":"standard","meta":{"footnotes":""},"categories":[17,107],"tags":[94,95,90,18],"class_list":["post-7432","post","type-post","status-publish","format-standard","has-post-thumbnail","category-literatura","category-migracion","tag-coloquio","tag-fronteras","tag-literatura","tag-migracion"],"aioseo_notices":[],"aioseo_head":"\n\t\t<!-- All in One SEO 5.0.1.1 - aioseo.com -->\n\t<meta name=\"description\" content=\"Este 22 de noviembre se llev\u00f3 a cabo el coloquio \u201cLiteratura de migraci\u00f3n en las Am\u00e9ricas: afectividades, fronteridades, corpograf\u00edas\u201d, organizado por la Facultad de Artes Liberales y que se enmarca dentro del proyecto de investigacio\u0301n literaria a cargo de la profesora Universidad Adolfo Iba\u00f1ez, Tatiana Caldero\u0301n Le Joliff. Al encuentro asistieron la Dra. Paula Daniela\" \/>\n\t<meta name=\"robots\" content=\"max-image-preview:large\" \/>\n\t<meta name=\"author\" content=\"Andrea Pozo\"\/>\n\t<link rel=\"canonical\" href=\"https:\/\/www.literaturadefronteras.cl\/ldf\/coloquio-literatura-de-migracion-en-las-americas\/\" \/>\n\t<meta name=\"generator\" content=\"All in One SEO (AIOSEO) 5.0.1.1\" \/>\n\t\t<meta property=\"og:locale\" content=\"es_ES\" \/>\n\t\t<meta property=\"og:site_name\" content=\"Literatura de Fronteras - El presente proyecto (2015-2019) constituye la prolongacio\u0301n y ampliacio\u0301n del proyecto titulado \u201cLa poe\u0301tica de la frontera en la literatura hispanoamericana contempora\u0301nea (Chile-Me\u0301xico)\u201d\" \/>\n\t\t<meta property=\"og:type\" content=\"article\" \/>\n\t\t<meta property=\"og:title\" content=\"Coloquio: literatura de migraci\u00f3n en las Am\u00e9ricas - Literatura de Fronteras\" \/>\n\t\t<meta property=\"og:description\" content=\"Este 22 de noviembre se llev\u00f3 a cabo el coloquio \u201cLiteratura de migraci\u00f3n en las Am\u00e9ricas: afectividades, fronteridades, corpograf\u00edas\u201d, organizado por la Facultad de Artes Liberales y que se enmarca dentro del proyecto de investigacio\u0301n literaria a cargo de la profesora Universidad Adolfo Iba\u00f1ez, Tatiana Caldero\u0301n Le Joliff. Al encuentro asistieron la Dra. Paula Daniela\" \/>\n\t\t<meta property=\"og:url\" content=\"https:\/\/www.literaturadefronteras.cl\/ldf\/coloquio-literatura-de-migracion-en-las-americas\/\" \/>\n\t\t<meta property=\"article:published_time\" content=\"2021-12-02T20:45:46+00:00\" \/>\n\t\t<meta property=\"article:modified_time\" content=\"2022-11-12T00:02:38+00:00\" \/>\n\t\t<meta name=\"twitter:card\" content=\"summary_large_image\" \/>\n\t\t<meta name=\"twitter:title\" content=\"Coloquio: literatura de migraci\u00f3n en las Am\u00e9ricas - Literatura de Fronteras\" \/>\n\t\t<meta name=\"twitter:description\" content=\"Este 22 de noviembre se llev\u00f3 a cabo el coloquio \u201cLiteratura de migraci\u00f3n en las Am\u00e9ricas: afectividades, fronteridades, corpograf\u00edas\u201d, organizado por la Facultad de Artes Liberales y que se enmarca dentro del proyecto de investigacio\u0301n literaria a cargo de la profesora Universidad Adolfo Iba\u00f1ez, Tatiana Caldero\u0301n Le Joliff. Al encuentro asistieron la Dra. Paula Daniela\" \/>\n\t\t<script type=\"application\/ld+json\" class=\"aioseo-schema\">\n\t\t\t{\"@context\":\"https:\\\/\\\/schema.org\",\"@graph\":[{\"@type\":\"BlogPosting\",\"@id\":\"https:\\\/\\\/www.literaturadefronteras.cl\\\/ldf\\\/coloquio-literatura-de-migracion-en-las-americas\\\/#blogposting\",\"name\":\"Coloquio: literatura de migraci\\u00f3n en las Am\\u00e9ricas - Literatura de Fronteras\",\"headline\":\"Coloquio: literatura de migraci\\u00f3n en las Am\\u00e9ricas\",\"author\":{\"@id\":\"https:\\\/\\\/www.literaturadefronteras.cl\\\/ldf\\\/author\\\/andrea-pozo\\\/#author\"},\"publisher\":{\"@id\":\"https:\\\/\\\/www.literaturadefronteras.cl\\\/ldf\\\/#organization\"},\"image\":{\"@type\":\"ImageObject\",\"url\":\"https:\\\/\\\/www.literaturadefronteras.cl\\\/ldf\\\/wp-content\\\/uploads\\\/2021\\\/12\\\/00031-scaled.jpg\",\"width\":2560,\"height\":1707},\"datePublished\":\"2021-12-02T20:45:46+00:00\",\"dateModified\":\"2022-11-12T00:02:38+00:00\",\"inLanguage\":\"es-CL\",\"mainEntityOfPage\":{\"@id\":\"https:\\\/\\\/www.literaturadefronteras.cl\\\/ldf\\\/coloquio-literatura-de-migracion-en-las-americas\\\/#webpage\"},\"isPartOf\":{\"@id\":\"https:\\\/\\\/www.literaturadefronteras.cl\\\/ldf\\\/coloquio-literatura-de-migracion-en-las-americas\\\/#webpage\"},\"articleSection\":\"Literatura, Migraci\\u00f3n, coloquio, fronteras, literatura, Migraci\\u00f3n\"},{\"@type\":\"BreadcrumbList\",\"@id\":\"https:\\\/\\\/www.literaturadefronteras.cl\\\/ldf\\\/coloquio-literatura-de-migracion-en-las-americas\\\/#breadcrumblist\",\"itemListElement\":[{\"@type\":\"ListItem\",\"@id\":\"https:\\\/\\\/www.literaturadefronteras.cl\\\/ldf#listItem\",\"position\":1,\"name\":\"Home\",\"item\":\"https:\\\/\\\/www.literaturadefronteras.cl\\\/ldf\",\"nextItem\":{\"@type\":\"ListItem\",\"@id\":\"https:\\\/\\\/www.literaturadefronteras.cl\\\/ldf\\\/category\\\/literatura\\\/#listItem\",\"name\":\"Literatura\"}},{\"@type\":\"ListItem\",\"@id\":\"https:\\\/\\\/www.literaturadefronteras.cl\\\/ldf\\\/category\\\/literatura\\\/#listItem\",\"position\":2,\"name\":\"Literatura\",\"item\":\"https:\\\/\\\/www.literaturadefronteras.cl\\\/ldf\\\/category\\\/literatura\\\/\",\"nextItem\":{\"@type\":\"ListItem\",\"@id\":\"https:\\\/\\\/www.literaturadefronteras.cl\\\/ldf\\\/coloquio-literatura-de-migracion-en-las-americas\\\/#listItem\",\"name\":\"Coloquio: literatura de migraci\\u00f3n en las Am\\u00e9ricas\"},\"previousItem\":{\"@type\":\"ListItem\",\"@id\":\"https:\\\/\\\/www.literaturadefronteras.cl\\\/ldf#listItem\",\"name\":\"Home\"}},{\"@type\":\"ListItem\",\"@id\":\"https:\\\/\\\/www.literaturadefronteras.cl\\\/ldf\\\/coloquio-literatura-de-migracion-en-las-americas\\\/#listItem\",\"position\":3,\"name\":\"Coloquio: literatura de migraci\\u00f3n en las Am\\u00e9ricas\",\"previousItem\":{\"@type\":\"ListItem\",\"@id\":\"https:\\\/\\\/www.literaturadefronteras.cl\\\/ldf\\\/category\\\/literatura\\\/#listItem\",\"name\":\"Literatura\"}}]},{\"@type\":\"Organization\",\"@id\":\"https:\\\/\\\/www.literaturadefronteras.cl\\\/ldf\\\/#organization\",\"name\":\"Literatura de Fronteras\",\"description\":\"El presente proyecto (2015-2019) constituye la prolongacio\\u0301n y ampliacio\\u0301n del proyecto titulado \\u201cLa poe\\u0301tica de la frontera en la literatura hispanoamericana contempora\\u0301nea (Chile-Me\\u0301xico)\\u201d\",\"url\":\"https:\\\/\\\/www.literaturadefronteras.cl\\\/ldf\\\/\",\"logo\":{\"@type\":\"ImageObject\",\"url\":\"https:\\\/\\\/www.literaturadefronteras.cl\\\/ldf\\\/wp-content\\\/uploads\\\/2022\\\/10\\\/logo-literatura-fronteras.png\",\"@id\":\"https:\\\/\\\/www.literaturadefronteras.cl\\\/ldf\\\/coloquio-literatura-de-migracion-en-las-americas\\\/#organizationLogo\",\"width\":272,\"height\":90},\"image\":{\"@id\":\"https:\\\/\\\/www.literaturadefronteras.cl\\\/ldf\\\/coloquio-literatura-de-migracion-en-las-americas\\\/#organizationLogo\"}},{\"@type\":\"Person\",\"@id\":\"https:\\\/\\\/www.literaturadefronteras.cl\\\/ldf\\\/author\\\/andrea-pozo\\\/#author\",\"url\":\"https:\\\/\\\/www.literaturadefronteras.cl\\\/ldf\\\/author\\\/andrea-pozo\\\/\",\"name\":\"Andrea Pozo\"},{\"@type\":\"WebPage\",\"@id\":\"https:\\\/\\\/www.literaturadefronteras.cl\\\/ldf\\\/coloquio-literatura-de-migracion-en-las-americas\\\/#webpage\",\"url\":\"https:\\\/\\\/www.literaturadefronteras.cl\\\/ldf\\\/coloquio-literatura-de-migracion-en-las-americas\\\/\",\"name\":\"Coloquio: literatura de migraci\\u00f3n en las Am\\u00e9ricas - Literatura de Fronteras\",\"description\":\"Este 22 de noviembre se llev\\u00f3 a cabo el coloquio \\u201cLiteratura de migraci\\u00f3n en las Am\\u00e9ricas: afectividades, fronteridades, corpograf\\u00edas\\u201d, organizado por la Facultad de Artes Liberales y que se enmarca dentro del proyecto de investigacio\\u0301n literaria a cargo de la profesora Universidad Adolfo Iba\\u00f1ez, Tatiana Caldero\\u0301n Le Joliff. Al encuentro asistieron la Dra. Paula Daniela\",\"inLanguage\":\"es-CL\",\"isPartOf\":{\"@id\":\"https:\\\/\\\/www.literaturadefronteras.cl\\\/ldf\\\/#website\"},\"breadcrumb\":{\"@id\":\"https:\\\/\\\/www.literaturadefronteras.cl\\\/ldf\\\/coloquio-literatura-de-migracion-en-las-americas\\\/#breadcrumblist\"},\"author\":{\"@id\":\"https:\\\/\\\/www.literaturadefronteras.cl\\\/ldf\\\/author\\\/andrea-pozo\\\/#author\"},\"creator\":{\"@id\":\"https:\\\/\\\/www.literaturadefronteras.cl\\\/ldf\\\/author\\\/andrea-pozo\\\/#author\"},\"image\":{\"@type\":\"ImageObject\",\"url\":\"https:\\\/\\\/www.literaturadefronteras.cl\\\/ldf\\\/wp-content\\\/uploads\\\/2021\\\/12\\\/00031-scaled.jpg\",\"@id\":\"https:\\\/\\\/www.literaturadefronteras.cl\\\/ldf\\\/coloquio-literatura-de-migracion-en-las-americas\\\/#mainImage\",\"width\":2560,\"height\":1707},\"primaryImageOfPage\":{\"@id\":\"https:\\\/\\\/www.literaturadefronteras.cl\\\/ldf\\\/coloquio-literatura-de-migracion-en-las-americas\\\/#mainImage\"},\"datePublished\":\"2021-12-02T20:45:46+00:00\",\"dateModified\":\"2022-11-12T00:02:38+00:00\"},{\"@type\":\"WebSite\",\"@id\":\"https:\\\/\\\/www.literaturadefronteras.cl\\\/ldf\\\/#website\",\"url\":\"https:\\\/\\\/www.literaturadefronteras.cl\\\/ldf\\\/\",\"name\":\"Literatura de Fronteras\",\"description\":\"El presente proyecto (2015-2019) constituye la prolongacio\\u0301n y ampliacio\\u0301n del proyecto titulado \\u201cLa poe\\u0301tica de la frontera en la literatura hispanoamericana contempora\\u0301nea (Chile-Me\\u0301xico)\\u201d\",\"inLanguage\":\"es-CL\",\"publisher\":{\"@id\":\"https:\\\/\\\/www.literaturadefronteras.cl\\\/ldf\\\/#organization\"}}]}\n\t\t<\/script>\n\t\t<!-- All in One SEO -->\n\n","aioseo_head_json":{"title":"Coloquio: literatura de migraci\u00f3n en las Am\u00e9ricas - Literatura de Fronteras","description":"Este 22 de noviembre se llev\u00f3 a cabo el coloquio \u201cLiteratura de migraci\u00f3n en las Am\u00e9ricas: afectividades, fronteridades, corpograf\u00edas\u201d, organizado por la Facultad de Artes Liberales y que se enmarca dentro del proyecto de investigacio\u0301n literaria a cargo de la profesora Universidad Adolfo Iba\u00f1ez, Tatiana Caldero\u0301n Le Joliff. Al encuentro asistieron la Dra. Paula Daniela","canonical_url":"https:\/\/www.literaturadefronteras.cl\/ldf\/coloquio-literatura-de-migracion-en-las-americas\/","robots":"max-image-preview:large","keywords":"","webmasterTools":{"miscellaneous":""},"schema":{"@context":"https:\/\/schema.org","@graph":[{"@type":"BlogPosting","@id":"https:\/\/www.literaturadefronteras.cl\/ldf\/coloquio-literatura-de-migracion-en-las-americas\/#blogposting","name":"Coloquio: literatura de migraci\u00f3n en las Am\u00e9ricas - Literatura de Fronteras","headline":"Coloquio: literatura de migraci\u00f3n en las Am\u00e9ricas","author":{"@id":"https:\/\/www.literaturadefronteras.cl\/ldf\/author\/andrea-pozo\/#author"},"publisher":{"@id":"https:\/\/www.literaturadefronteras.cl\/ldf\/#organization"},"image":{"@type":"ImageObject","url":"https:\/\/www.literaturadefronteras.cl\/ldf\/wp-content\/uploads\/2021\/12\/00031-scaled.jpg","width":2560,"height":1707},"datePublished":"2021-12-02T20:45:46+00:00","dateModified":"2022-11-12T00:02:38+00:00","inLanguage":"es-CL","mainEntityOfPage":{"@id":"https:\/\/www.literaturadefronteras.cl\/ldf\/coloquio-literatura-de-migracion-en-las-americas\/#webpage"},"isPartOf":{"@id":"https:\/\/www.literaturadefronteras.cl\/ldf\/coloquio-literatura-de-migracion-en-las-americas\/#webpage"},"articleSection":"Literatura, Migraci\u00f3n, coloquio, fronteras, literatura, Migraci\u00f3n"},{"@type":"BreadcrumbList","@id":"https:\/\/www.literaturadefronteras.cl\/ldf\/coloquio-literatura-de-migracion-en-las-americas\/#breadcrumblist","itemListElement":[{"@type":"ListItem","@id":"https:\/\/www.literaturadefronteras.cl\/ldf#listItem","position":1,"name":"Home","item":"https:\/\/www.literaturadefronteras.cl\/ldf","nextItem":{"@type":"ListItem","@id":"https:\/\/www.literaturadefronteras.cl\/ldf\/category\/literatura\/#listItem","name":"Literatura"}},{"@type":"ListItem","@id":"https:\/\/www.literaturadefronteras.cl\/ldf\/category\/literatura\/#listItem","position":2,"name":"Literatura","item":"https:\/\/www.literaturadefronteras.cl\/ldf\/category\/literatura\/","nextItem":{"@type":"ListItem","@id":"https:\/\/www.literaturadefronteras.cl\/ldf\/coloquio-literatura-de-migracion-en-las-americas\/#listItem","name":"Coloquio: literatura de migraci\u00f3n en las Am\u00e9ricas"},"previousItem":{"@type":"ListItem","@id":"https:\/\/www.literaturadefronteras.cl\/ldf#listItem","name":"Home"}},{"@type":"ListItem","@id":"https:\/\/www.literaturadefronteras.cl\/ldf\/coloquio-literatura-de-migracion-en-las-americas\/#listItem","position":3,"name":"Coloquio: literatura de migraci\u00f3n en las Am\u00e9ricas","previousItem":{"@type":"ListItem","@id":"https:\/\/www.literaturadefronteras.cl\/ldf\/category\/literatura\/#listItem","name":"Literatura"}}]},{"@type":"Organization","@id":"https:\/\/www.literaturadefronteras.cl\/ldf\/#organization","name":"Literatura de Fronteras","description":"El presente proyecto (2015-2019) constituye la prolongacio\u0301n y ampliacio\u0301n del proyecto titulado \u201cLa poe\u0301tica de la frontera en la literatura hispanoamericana contempora\u0301nea (Chile-Me\u0301xico)\u201d","url":"https:\/\/www.literaturadefronteras.cl\/ldf\/","logo":{"@type":"ImageObject","url":"https:\/\/www.literaturadefronteras.cl\/ldf\/wp-content\/uploads\/2022\/10\/logo-literatura-fronteras.png","@id":"https:\/\/www.literaturadefronteras.cl\/ldf\/coloquio-literatura-de-migracion-en-las-americas\/#organizationLogo","width":272,"height":90},"image":{"@id":"https:\/\/www.literaturadefronteras.cl\/ldf\/coloquio-literatura-de-migracion-en-las-americas\/#organizationLogo"}},{"@type":"Person","@id":"https:\/\/www.literaturadefronteras.cl\/ldf\/author\/andrea-pozo\/#author","url":"https:\/\/www.literaturadefronteras.cl\/ldf\/author\/andrea-pozo\/","name":"Andrea Pozo"},{"@type":"WebPage","@id":"https:\/\/www.literaturadefronteras.cl\/ldf\/coloquio-literatura-de-migracion-en-las-americas\/#webpage","url":"https:\/\/www.literaturadefronteras.cl\/ldf\/coloquio-literatura-de-migracion-en-las-americas\/","name":"Coloquio: literatura de migraci\u00f3n en las Am\u00e9ricas - Literatura de Fronteras","description":"Este 22 de noviembre se llev\u00f3 a cabo el coloquio \u201cLiteratura de migraci\u00f3n en las Am\u00e9ricas: afectividades, fronteridades, corpograf\u00edas\u201d, organizado por la Facultad de Artes Liberales y que se enmarca dentro del proyecto de investigacio\u0301n literaria a cargo de la profesora Universidad Adolfo Iba\u00f1ez, Tatiana Caldero\u0301n Le Joliff. Al encuentro asistieron la Dra. Paula Daniela","inLanguage":"es-CL","isPartOf":{"@id":"https:\/\/www.literaturadefronteras.cl\/ldf\/#website"},"breadcrumb":{"@id":"https:\/\/www.literaturadefronteras.cl\/ldf\/coloquio-literatura-de-migracion-en-las-americas\/#breadcrumblist"},"author":{"@id":"https:\/\/www.literaturadefronteras.cl\/ldf\/author\/andrea-pozo\/#author"},"creator":{"@id":"https:\/\/www.literaturadefronteras.cl\/ldf\/author\/andrea-pozo\/#author"},"image":{"@type":"ImageObject","url":"https:\/\/www.literaturadefronteras.cl\/ldf\/wp-content\/uploads\/2021\/12\/00031-scaled.jpg","@id":"https:\/\/www.literaturadefronteras.cl\/ldf\/coloquio-literatura-de-migracion-en-las-americas\/#mainImage","width":2560,"height":1707},"primaryImageOfPage":{"@id":"https:\/\/www.literaturadefronteras.cl\/ldf\/coloquio-literatura-de-migracion-en-las-americas\/#mainImage"},"datePublished":"2021-12-02T20:45:46+00:00","dateModified":"2022-11-12T00:02:38+00:00"},{"@type":"WebSite","@id":"https:\/\/www.literaturadefronteras.cl\/ldf\/#website","url":"https:\/\/www.literaturadefronteras.cl\/ldf\/","name":"Literatura de Fronteras","description":"El presente proyecto (2015-2019) constituye la prolongacio\u0301n y ampliacio\u0301n del proyecto titulado \u201cLa poe\u0301tica de la frontera en la literatura hispanoamericana contempora\u0301nea (Chile-Me\u0301xico)\u201d","inLanguage":"es-CL","publisher":{"@id":"https:\/\/www.literaturadefronteras.cl\/ldf\/#organization"}}]},"og:locale":"es_ES","og:site_name":"Literatura de Fronteras - El presente proyecto (2015-2019) constituye la prolongacio\u0301n y ampliacio\u0301n del proyecto titulado \u201cLa poe\u0301tica de la frontera en la literatura hispanoamericana contempora\u0301nea (Chile-Me\u0301xico)\u201d","og:type":"article","og:title":"Coloquio: literatura de migraci\u00f3n en las Am\u00e9ricas - Literatura de Fronteras","og:description":"Este 22 de noviembre se llev\u00f3 a cabo el coloquio \u201cLiteratura de migraci\u00f3n en las Am\u00e9ricas: afectividades, fronteridades, corpograf\u00edas\u201d, organizado por la Facultad de Artes Liberales y que se enmarca dentro del proyecto de investigacio\u0301n literaria a cargo de la profesora Universidad Adolfo Iba\u00f1ez, Tatiana Caldero\u0301n Le Joliff. Al encuentro asistieron la Dra. Paula Daniela","og:url":"https:\/\/www.literaturadefronteras.cl\/ldf\/coloquio-literatura-de-migracion-en-las-americas\/","article:published_time":"2021-12-02T20:45:46+00:00","article:modified_time":"2022-11-12T00:02:38+00:00","twitter:card":"summary_large_image","twitter:title":"Coloquio: literatura de migraci\u00f3n en las Am\u00e9ricas - Literatura de Fronteras","twitter:description":"Este 22 de noviembre se llev\u00f3 a cabo el coloquio \u201cLiteratura de migraci\u00f3n en las Am\u00e9ricas: afectividades, fronteridades, corpograf\u00edas\u201d, organizado por la Facultad de Artes Liberales y que se enmarca dentro del proyecto de investigacio\u0301n literaria a cargo de la profesora Universidad Adolfo Iba\u00f1ez, Tatiana Caldero\u0301n Le Joliff. Al encuentro asistieron la Dra. Paula Daniela"},"aioseo_meta_data":{"post_id":"7432","title":null,"description":null,"keywords":[],"keyphrases":{"focus":{"keyphrase":"","score":0,"analysis":{"keyphraseInTitle":{"score":0,"maxScore":9,"error":1}}},"additional":[]},"primary_term":null,"canonical_url":null,"og_title":null,"og_description":null,"og_object_type":"default","og_image_type":"default","og_image_url":null,"og_image_width":null,"og_image_height":null,"og_image_custom_url":null,"og_image_custom_fields":null,"og_video":"","og_custom_url":null,"og_article_section":null,"og_article_tags":[],"twitter_use_og":false,"twitter_card":"default","twitter_image_type":"default","twitter_image_url":null,"twitter_image_custom_url":null,"twitter_image_custom_fields":null,"twitter_title":null,"twitter_description":null,"schema":{"blockGraphs":[],"customGraphs":[],"default":{"data":{"Article":[],"Course":[],"Dataset":[],"FAQPage":[],"Movie":[],"Person":[],"Product":[],"ProductReview":[],"Car":[],"Recipe":[],"Service":[],"SoftwareApplication":[],"WebPage":[]},"graphName":"BlogPosting","isEnabled":true},"graphs":[]},"schema_type":"default","schema_type_options":null,"pillar_content":false,"robots_default":true,"robots_noindex":false,"robots_noarchive":false,"robots_nosnippet":false,"robots_nofollow":false,"robots_noimageindex":false,"robots_noodp":false,"robots_notranslate":false,"robots_max_snippet":"-1","robots_max_videopreview":"-1","robots_max_imagepreview":"large","priority":null,"frequency":"default","local_seo":null,"breadcrumb_settings":null,"limit_modified_date":false,"ai":null,"created":"2022-10-19 19:50:40","updated":"2025-06-04 09:07:17","seo_analyzer_scan_date":null,"focus_keyword":null,"additional_keywords":null,"truseo_locale":null},"aioseo_breadcrumb":"<div class=\"aioseo-breadcrumbs\"><span class=\"aioseo-breadcrumb\">\n\t\t\t<a href=\"https:\/\/www.literaturadefronteras.cl\/ldf\" title=\"Home\">Home<\/a>\n\t\t<\/span><span class=\"aioseo-breadcrumb-separator\">&raquo;<\/span><span class=\"aioseo-breadcrumb\">\n\t\t\t<a href=\"https:\/\/www.literaturadefronteras.cl\/ldf\/category\/literatura\/\" title=\"Literatura\">Literatura<\/a>\n\t\t<\/span><span class=\"aioseo-breadcrumb-separator\">&raquo;<\/span><span class=\"aioseo-breadcrumb\">\n\t\t\tColoquio: literatura de migraci\u00f3n en las Am\u00e9ricas\n\t\t<\/span><\/div>","aioseo_breadcrumb_json":[{"label":"Home","link":"https:\/\/www.literaturadefronteras.cl\/ldf"},{"label":"Literatura","link":"https:\/\/www.literaturadefronteras.cl\/ldf\/category\/literatura\/"},{"label":"Coloquio: literatura de migraci\u00f3n en las Am\u00e9ricas","link":"https:\/\/www.literaturadefronteras.cl\/ldf\/coloquio-literatura-de-migracion-en-las-americas\/"}],"_links":{"self":[{"href":"https:\/\/www.literaturadefronteras.cl\/ldf\/wp-json\/wp\/v2\/posts\/7432","targetHints":{"allow":["GET"]}}],"collection":[{"href":"https:\/\/www.literaturadefronteras.cl\/ldf\/wp-json\/wp\/v2\/posts"}],"about":[{"href":"https:\/\/www.literaturadefronteras.cl\/ldf\/wp-json\/wp\/v2\/types\/post"}],"author":[{"embeddable":true,"href":"https:\/\/www.literaturadefronteras.cl\/ldf\/wp-json\/wp\/v2\/users\/2"}],"replies":[{"embeddable":true,"href":"https:\/\/www.literaturadefronteras.cl\/ldf\/wp-json\/wp\/v2\/comments?post=7432"}],"version-history":[{"count":2,"href":"https:\/\/www.literaturadefronteras.cl\/ldf\/wp-json\/wp\/v2\/posts\/7432\/revisions"}],"predecessor-version":[{"id":7948,"href":"https:\/\/www.literaturadefronteras.cl\/ldf\/wp-json\/wp\/v2\/posts\/7432\/revisions\/7948"}],"wp:featuredmedia":[{"embeddable":true,"href":"https:\/\/www.literaturadefronteras.cl\/ldf\/wp-json\/wp\/v2\/media\/7959"}],"wp:attachment":[{"href":"https:\/\/www.literaturadefronteras.cl\/ldf\/wp-json\/wp\/v2\/media?parent=7432"}],"wp:term":[{"taxonomy":"category","embeddable":true,"href":"https:\/\/www.literaturadefronteras.cl\/ldf\/wp-json\/wp\/v2\/categories?post=7432"},{"taxonomy":"post_tag","embeddable":true,"href":"https:\/\/www.literaturadefronteras.cl\/ldf\/wp-json\/wp\/v2\/tags?post=7432"}],"curies":[{"name":"wp","href":"https:\/\/api.w.org\/{rel}","templated":true}]}}