{"id":8461,"date":"2024-10-08T22:34:36","date_gmt":"2024-10-08T22:34:36","guid":{"rendered":"https:\/\/www.literaturadefronteras.cl\/ldf\/?p=8461"},"modified":"2024-11-05T21:45:54","modified_gmt":"2024-11-05T21:45:54","slug":"infancias-migrantes-resiliencia-y-arte","status":"publish","type":"post","link":"https:\/\/www.literaturadefronteras.cl\/ldf\/infancias-migrantes-resiliencia-y-arte\/","title":{"rendered":"Infancias migrantes: resiliencia y arte"},"content":{"rendered":"\n<p>La migraci\u00f3n precaria distorsiona los espacios, creando vac\u00edos de entendimientos y oc\u00e9anos de rechazos. Noviolet Bulawayo, en su novela <em>Necesitamos nombres nuevos<\/em> (2013), al retratar el recorrido emocional de una ni\u00f1a migrante llamada Darling, describe la partida desgarradora de los que abandonaron su espacio: &#8220;Mirad a los hijos de la tierra que se marchan en tropel, que abandonan su propia tierra&#8230; con sangre en los corazones y hambre en los est\u00f3magos y dolor en sus pasos&#8221;.<\/p>\n\n\n\n<p>El migrante es, a menudo, representado en la literatura desde la percepci\u00f3n de los que reciben, como una enfermedad contagiosa que supera los l\u00edmites establecidos y fantasiosos de una naci\u00f3n. Como si estos habitantes fueran de origen puro y est\u00e1tico y no se beneficiar\u00e1n en nada del aporte econ\u00f3mico y cultural de estos desarraigados voraces. \u00bfQu\u00e9 lugar tiene el infante en este desplazamiento que no decidi\u00f3 y que no entendi\u00f3? S\u00f3lo le resta seguir a los padres y, muchas veces, sufre el abandono, tanto f\u00edsico como emocional en el camino.<\/p>\n\n\n\n<p>En el 2024, casi 20 menores de edad tuvieron que cruzar solos e ilegalmente la frontera para llegar a Chile, 250 desde el 2020 (El Mostrador, 1 de julio de 2024). En esa traves\u00eda han muerto ni\u00f1o\/as, adolescentes, bebes inclusive, siendo dejados a su suerte en el tr\u00e1nsito por el fr\u00edo, la altura, las condiciones clim\u00e1ticas extremas. \u00bfC\u00f3mo los que sobreviven recuperan la cordura, superan el trauma, se desarrollan y son capaces de proyectar un futuro? El psicoanalista Boris Cyrulnik trabaj\u00f3 toda su vida en el concepto de resiliencia como conciencia adicional y promovi\u00f3 el valor del arte como superaci\u00f3n del trauma. En <em>El murmullo de los fantasmas<\/em> (2003), destaca la importancia de escribir o de crear algo en torno a la herida para poder cambiar la autopercepci\u00f3n y, por ende, el comportamiento del sujeto. En <em>Se\u00fal S\u00e3o Paulo<\/em> (2019), de Gabriel Mamani Magne, el adolescente Tayson transforma su cuerpo y usa el baile como un espacio de refugio y de libertad.<\/p>\n\n\n\n<p>\u00bfC\u00f3mo logramos proteger a la infancia y proveerle de un porvenir? Ante el abandono e ineficiencia de las instituciones del Estado, el arte les puede ofrecer una salida o espacio de sanaci\u00f3n. En la semana de la migraci\u00f3n, &#8220;<em>Infancias Migrantes: miradas locales\/globales desde las humanidades, artes y ciencias sociales&#8221; (2024)<\/em>, organizada por la Universidad Adolfo Ib\u00e1\u00f1ez, se debatir\u00e1 sobre estas problem\u00e1ticas. El s\u00e1bado 31 de agosto, a las 14.30 horas, en la Escuela Popular de Artes de Vi\u00f1a del Mar, se alojar\u00e1 un laboratorio de c\u00f3mic dirigido por el reconocido ilustrador de Unicef, Pedro Prado. Su objetivo es acercar a ni\u00f1o\/as y adulto\/as, migrantes y no migrantes, para recrear, a trav\u00e9s del dibujo y de la palabra, un puente de entendimiento y de resiliencia tanto para el sujeto que llega como para el que recibe.<\/p>\n\n\n\n<p>Publicada en <strong><em><a href=\"https:\/\/www.mercuriovalpo.cl\/impresa\/2024\/10\/08\/papel\/\" target=\"_blank\" rel=\"noopener\" title=\"Mercurio de Valpara\u00edso\">Mercurio de Valpara\u00edso<\/a> <\/em><\/strong><\/p>\n\n\n\n<p><\/p>\n","protected":false},"excerpt":{"rendered":"<p>La migraci\u00f3n precaria distorsiona los espacios, creando vac\u00edos de entendimientos y oc\u00e9anos de rechazos. Noviolet Bulawayo, en su novela Necesitamos nombres nuevos (2013), al retratar el recorrido emocional de una ni\u00f1a migrante llamada Darling, describe la partida desgarradora de los que abandonaron su espacio: &#8220;Mirad a los hijos de la tierra que se marchan en [&hellip;]<\/p>\n","protected":false},"author":1,"featured_media":8462,"comment_status":"closed","ping_status":"open","sticky":false,"template":"","format":"standard","meta":{"footnotes":""},"categories":[107],"tags":[],"class_list":{"0":"post-8461","1":"post","2":"type-post","3":"status-publish","4":"format-standard","5":"has-post-thumbnail","7":"category-migracion"},"aioseo_notices":[],"_links":{"self":[{"href":"https:\/\/www.literaturadefronteras.cl\/ldf\/wp-json\/wp\/v2\/posts\/8461","targetHints":{"allow":["GET"]}}],"collection":[{"href":"https:\/\/www.literaturadefronteras.cl\/ldf\/wp-json\/wp\/v2\/posts"}],"about":[{"href":"https:\/\/www.literaturadefronteras.cl\/ldf\/wp-json\/wp\/v2\/types\/post"}],"author":[{"embeddable":true,"href":"https:\/\/www.literaturadefronteras.cl\/ldf\/wp-json\/wp\/v2\/users\/1"}],"replies":[{"embeddable":true,"href":"https:\/\/www.literaturadefronteras.cl\/ldf\/wp-json\/wp\/v2\/comments?post=8461"}],"version-history":[{"count":1,"href":"https:\/\/www.literaturadefronteras.cl\/ldf\/wp-json\/wp\/v2\/posts\/8461\/revisions"}],"predecessor-version":[{"id":8464,"href":"https:\/\/www.literaturadefronteras.cl\/ldf\/wp-json\/wp\/v2\/posts\/8461\/revisions\/8464"}],"wp:featuredmedia":[{"embeddable":true,"href":"https:\/\/www.literaturadefronteras.cl\/ldf\/wp-json\/wp\/v2\/media\/8462"}],"wp:attachment":[{"href":"https:\/\/www.literaturadefronteras.cl\/ldf\/wp-json\/wp\/v2\/media?parent=8461"}],"wp:term":[{"taxonomy":"category","embeddable":true,"href":"https:\/\/www.literaturadefronteras.cl\/ldf\/wp-json\/wp\/v2\/categories?post=8461"},{"taxonomy":"post_tag","embeddable":true,"href":"https:\/\/www.literaturadefronteras.cl\/ldf\/wp-json\/wp\/v2\/tags?post=8461"}],"curies":[{"name":"wp","href":"https:\/\/api.w.org\/{rel}","templated":true}]}}